{"id":743,"date":"2019-12-10T20:53:11","date_gmt":"2019-12-10T19:53:11","guid":{"rendered":"http:\/\/afpeah.fr\/?p=743"},"modified":"2019-12-11T21:43:23","modified_gmt":"2019-12-11T20:43:23","slug":"doit-on-laisser-ses-enfants-devant-des-ecrans","status":"publish","type":"post","link":"https:\/\/afpeah.fr\/index.php\/2019\/12\/10\/doit-on-laisser-ses-enfants-devant-des-ecrans\/","title":{"rendered":"Doit-on laisser ses enfants devant des \u00e9crans?"},"content":{"rendered":"\n<figure class=\"wp-block-image size-large\"><img loading=\"lazy\" decoding=\"async\" width=\"721\" height=\"1024\" src=\"http:\/\/afpeah.fr\/wp-content\/uploads\/2019\/12\/Capture-d\u2019e\u0301cran-2019-12-10-a\u0300-20.51.03-1-721x1024.png\" alt=\"\" class=\"wp-image-789\" srcset=\"https:\/\/afpeah.fr\/wp-content\/uploads\/2019\/12\/Capture-d\u2019e\u0301cran-2019-12-10-a\u0300-20.51.03-1-721x1024.png 721w, https:\/\/afpeah.fr\/wp-content\/uploads\/2019\/12\/Capture-d\u2019e\u0301cran-2019-12-10-a\u0300-20.51.03-1-211x300.png 211w, https:\/\/afpeah.fr\/wp-content\/uploads\/2019\/12\/Capture-d\u2019e\u0301cran-2019-12-10-a\u0300-20.51.03-1-768x1090.png 768w, https:\/\/afpeah.fr\/wp-content\/uploads\/2019\/12\/Capture-d\u2019e\u0301cran-2019-12-10-a\u0300-20.51.03-1-1082x1536.png 1082w, https:\/\/afpeah.fr\/wp-content\/uploads\/2019\/12\/Capture-d\u2019e\u0301cran-2019-12-10-a\u0300-20.51.03-1-1442x2048.png 1442w, https:\/\/afpeah.fr\/wp-content\/uploads\/2019\/12\/Capture-d\u2019e\u0301cran-2019-12-10-a\u0300-20.51.03-1-190x270.png 190w, https:\/\/afpeah.fr\/wp-content\/uploads\/2019\/12\/Capture-d\u2019e\u0301cran-2019-12-10-a\u0300-20.51.03-1.png 1448w\" sizes=\"auto, (max-width: 721px) 100vw, 721px\" \/><\/figure>\n\n\n\n<p>Pour r\u00e9pondre \u00e0 cette question dans une soci\u00e9t\u00e9 qui valorise le tout-\u00e9cran, il convient de se r\u00e9f\u00e9rer aux \u00e9tudes scientifiques qui analysent de mani\u00e8re rigoureuse les comportements des enfants et des adolescents en mati\u00e8re d\u2019exposition aux \u00e9crans.<\/p>\n\n\n\n<p>Dans cette optique, il nous semble utile de donner un aper\u00e7u de l\u2019\u00e9tude men\u00e9e par les chercheurs&nbsp;&nbsp;<strong>JEAN M. TWENGE et W. KEITH CAMPBELL&nbsp;<\/strong>&nbsp;des universit\u00e9s de San Diego et de G\u00e9orgie, publi\u00e9e en&nbsp;<strong>octobre 2018.<\/strong><\/p>\n\n\n\n<p>Cette \u00e9tude a clairement \u00e9tabli un&nbsp;<strong>lien entre surexposition aux \u00e9crans&nbsp;<\/strong>et<\/p>\n\n\n\n<ul class=\"wp-block-list\"><li><strong>troubles relationnels<\/strong>,<\/li><li><strong>troubles de l\u2019humeur et du comportement<\/strong>,<\/li><li><strong>absence de curiosit\u00e9&nbsp;<\/strong>et<\/li><li><strong>probl\u00e8mes de concentration des jeunes<\/strong>.<\/li><\/ul>\n\n\n\n<p>J. Twenge et W. K. Campbell ont travaill\u00e9 \u00e0 partir des donn\u00e9es de la&nbsp;<em>National Survey of Children\u2019s Health<\/em>&nbsp;(NSCH) portant sur plus de 44 000 familles ayant des&nbsp;<strong>enfants de 2 \u00e0 17 ans<\/strong>.<\/p>\n\n\n\n<p>L\u2019enqu\u00eate de la&nbsp;<em>National Survey of Children\u2019s Health<\/em>&nbsp;s\u2019int\u00e9ressait aux soins m\u00e9dicaux, aux&nbsp;probl\u00e8mes affectifs et comportementaux&nbsp;et aux habitudes des jeunes, y compris \u00e0 leur temps d\u2019\u00e9cran quotidien. J. Twenge et W. K. Campbell ont exclu les jeunes atteints d\u2019autisme, de c\u00e9cit\u00e9, de surdit\u00e9, de paralysie c\u00e9r\u00e9brale et de retard de d\u00e9veloppement \u2026, en raison de l\u2019impact \u00e9vident de ces probl\u00e8mes sur le fonctionnement quotidien des enfants et adolescents concern\u00e9s. Ils ont alors travaill\u00e9 \u00e0 partir de donn\u00e9es concernant plus de 40 000 personnes.<\/p>\n\n\n\n<p><\/p>\n\n\n\n<h3 class=\"wp-block-heading\">R\u00e9sultats (aper\u00e7u)<\/h3>\n\n\n\n<p>A l\u2019issue de leur enqu\u00eate, J.&nbsp;Twenge et W. K. Campbell ont mis en \u00e9vidence le fait que les adolescents qui passent plus de 7 h\/jour devant des \u00e9crans sont&nbsp;<strong>2 fois plus expos\u00e9s<\/strong>&nbsp;que ceux qui passent 1 heure devant des \u00e9crans \u00e0 des&nbsp;<strong>probl\u00e8mes d\u2019anxi\u00e9t\u00e9 ou de d\u00e9pression<\/strong>.&nbsp;Assez logiquement, ceux qui utilisent des \u00e9crans 1h\/jour connaissent un bien-\u00eatre psychologique sup\u00e9rieur \u00e0 ceux qui utilisent les \u00e9crans 4h\/jour.<\/p>\n\n\n\n<p>Ils ont \u00e9tabli une&nbsp;<strong>corr\u00e9lation entre temps pass\u00e9 devant les \u00e9crans par les 11-13 ans et absence de curiosit\u00e9 intellectuelle<\/strong>&nbsp;:<\/p>\n\n\n\n<ul class=\"wp-block-list\"><li>ainsi 22,6% des jeunes passant plus de 7h\/jour devant les \u00e9crans&nbsp;<strong>ne sont pas curieux, ou d\u00e9sireux d\u2019apprendre de nouvelles choses,<\/strong><\/li><li>contre 13,8% pour ceux qui passent 4h\/jour devant des \u00e9crans (utilisateurs mod\u00e9r\u00e9s).<\/li><li>et 9% pour ceux qui passent 1h\/jour.<\/li><\/ul>\n\n\n\n<p>Ces chiffres peuvent varier selon la tranche d\u2019\u00e2ge analys\u00e9e. De fait, la corr\u00e9lation observ\u00e9e s\u2019accentue consid\u00e9rablement chez les 14-17 ans.<\/p>\n\n\n\n<p>Ils ont \u00e9tabli une&nbsp;<strong>corr\u00e9lation entre \u00e9nervement et temps d\u2019exposition aux \u00e9crans<\/strong>:&nbsp;parmi les enfants d\u2019\u00e2ge pr\u00e9scolaire (2 \u00e0 5 ans aux USA), les grands utilisateurs d\u2019\u00e9crans s\u2019\u00e9nervent 2 fois plus souvent que les autres et 46% d\u2019entre eux n\u2019arrivent pas \u00e0 se calmer quand ils sont surexcit\u00e9s.<\/p>\n\n\n\n<p>Ils ont \u00e9tabli une corr\u00e9lation entre&nbsp;<strong>inaptitude \u00e0 terminer une t\u00e2che entreprise et temps d\u2019exposition aux \u00e9crans<\/strong>:<\/p>\n\n\n\n<ul class=\"wp-block-list\"><li>Parmi les adolescents \u00e2g\u00e9s de 14 \u00e0 17 ans, 42,2% de ceux qui passent plus de 7h\/jour devant les \u00e9crans ne terminent pas les t\u00e2ches entreprises.<\/li><li>Ils sont 27,7% pour ceux qui passent 4h\/jour devant un \u00e9cran.<\/li><li>et plus que 16,6% pour ceux qui passent 1h\/jour devant un \u00e9cran.<\/li><\/ul>\n\n\n\n<p>J. Twenge et W. K. Campbell supposent que les&nbsp;<strong>adolescents<\/strong>&nbsp;sont particuli\u00e8rement touch\u00e9s par des&nbsp;<strong>troubles d\u2019ordre psychologique<\/strong>&nbsp;dans la mesure o\u00f9 :<\/p>\n\n\n\n<ul class=\"wp-block-list\"><li>ils sont plus nombreux que les plus jeunes \u00e0 \u00eatre abonn\u00e9s \u00e0 des r\u00e9seaux sociaux,<\/li><li>ils sont plus nombreux \u00e0 poss\u00e9der leur propre smartphone,<\/li><\/ul>\n\n\n\n<p>-ce qui accro\u00eet les risques de d\u00e9pendance \u00e0 Internet et aux jeux vid\u00e9o, ainsi que les risques d\u2019utilisation probl\u00e9matique des r\u00e9seaux sociaux,<\/p>\n\n\n\n<p>-ce qui a un impact n\u00e9gatif sur leur temps de sommeil et la qualit\u00e9 de ce dernier.<\/p>\n\n\n\n<ul class=\"wp-block-list\"><li>De plus, les smartphones troublent les interactions sociales et att\u00e9nuent ainsi l\u2019impact positif qu\u2019elles peuvent avoir sur les jeunes.<\/li><\/ul>\n\n\n\n<p>_________________<\/p>\n\n\n\n<p><strong>Jean M. Twenge<\/strong>&nbsp;est professeur de psychologie \u00e0 l\u2019Universit\u00e9 d\u2019\u00c9tat de San Diego.<\/p>\n\n\n\n<p><strong>William Keith Campbell<\/strong>&nbsp;est professeur de psychologie sociale \u00e0 l\u2019Universit\u00e9 de G\u00e9orgie.<\/p>\n\n\n\n<p>___<\/p>\n\n\n\n<p><a href=\"https:\/\/www.ncbi.nlm.nih.gov\/pmc\/articles\/PMC6214874\/\">https:\/\/www.ncbi.nlm.nih.gov\/pmc\/articles\/PMC6214874\/<\/a><\/p>\n\n\n\n<p><a href=\"https:\/\/www.sciencedaily.com\/releases\/2018\/10\/181029150931.htm\">https:\/\/www.sciencedaily.com\/releases\/2018\/10\/181029150931.htm<\/a><\/p>\n\n\n\n<p><\/p>\n","protected":false},"excerpt":{"rendered":"<p>Pour r\u00e9pondre \u00e0 cette question dans une soci\u00e9t\u00e9 qui valorise le tout-\u00e9cran, il convient de se r\u00e9f\u00e9rer aux \u00e9tudes scientifiques qui analysent de mani\u00e8re rigoureuse les comportements des enfants et des adolescents en mati\u00e8re d\u2019exposition aux \u00e9crans. Dans cette optique, il nous semble utile de donner un aper\u00e7u de l\u2019\u00e9tude men\u00e9e par les chercheurs&nbsp;&nbsp;JEAN M. TWENGE et W. KEITH CAMPBELL&nbsp;&nbsp;des universit\u00e9s de San Diego et de G\u00e9orgie, publi\u00e9e en&nbsp;octobre 2018. Cette \u00e9tude a clairement \u00e9tabli un&nbsp;lien entre surexposition aux \u00e9crans&nbsp;et&#8230;<\/p>\n<p class=\"read-more\"><a class=\"btn btn-default\" href=\"https:\/\/afpeah.fr\/index.php\/2019\/12\/10\/doit-on-laisser-ses-enfants-devant-des-ecrans\/\">Lire la suite<span class=\"screen-reader-text\"> Lire la suite<\/span><\/a><\/p>\n","protected":false},"author":1,"featured_media":0,"comment_status":"open","ping_status":"open","sticky":false,"template":"","format":"standard","meta":{"footnotes":""},"categories":[2,7],"tags":[12,21,23,35,39,41],"class_list":["post-743","post","type-post","status-publish","format-standard","hentry","category-articles","category-numerique","tag-adolescents","tag-ecrans","tag-enfants","tag-numerique","tag-reseaux-sociaux","tag-troubles-attentionnels"],"_links":{"self":[{"href":"https:\/\/afpeah.fr\/index.php\/wp-json\/wp\/v2\/posts\/743","targetHints":{"allow":["GET"]}}],"collection":[{"href":"https:\/\/afpeah.fr\/index.php\/wp-json\/wp\/v2\/posts"}],"about":[{"href":"https:\/\/afpeah.fr\/index.php\/wp-json\/wp\/v2\/types\/post"}],"author":[{"embeddable":true,"href":"https:\/\/afpeah.fr\/index.php\/wp-json\/wp\/v2\/users\/1"}],"replies":[{"embeddable":true,"href":"https:\/\/afpeah.fr\/index.php\/wp-json\/wp\/v2\/comments?post=743"}],"version-history":[{"count":2,"href":"https:\/\/afpeah.fr\/index.php\/wp-json\/wp\/v2\/posts\/743\/revisions"}],"predecessor-version":[{"id":791,"href":"https:\/\/afpeah.fr\/index.php\/wp-json\/wp\/v2\/posts\/743\/revisions\/791"}],"wp:attachment":[{"href":"https:\/\/afpeah.fr\/index.php\/wp-json\/wp\/v2\/media?parent=743"}],"wp:term":[{"taxonomy":"category","embeddable":true,"href":"https:\/\/afpeah.fr\/index.php\/wp-json\/wp\/v2\/categories?post=743"},{"taxonomy":"post_tag","embeddable":true,"href":"https:\/\/afpeah.fr\/index.php\/wp-json\/wp\/v2\/tags?post=743"}],"curies":[{"name":"wp","href":"https:\/\/api.w.org\/{rel}","templated":true}]}}