{"id":3505,"date":"2024-12-07T11:38:47","date_gmt":"2024-12-07T10:38:47","guid":{"rendered":"https:\/\/afpeah.fr\/?p=3505"},"modified":"2025-06-10T23:03:57","modified_gmt":"2025-06-10T21:03:57","slug":"lopera-a-lecran","status":"publish","type":"post","link":"https:\/\/afpeah.fr\/index.php\/2024\/12\/07\/lopera-a-lecran\/","title":{"rendered":"L\u2019Op\u00e9ra \u00e0 l\u2019\u00e9cran"},"content":{"rendered":"\n<p><em><br><\/em>Alors que se tient le Salon des Formations artistiques (Montreuil, 7 et 8 d\u00e9cembre 2024), les \u00e9tudiants peinent \u00e0 se rep\u00e9rer dans les cursus d\u00e9di\u00e9s aux m\u00e9tiers du cin\u00e9ma et de l\u2019audiovisuel, tant, aux c\u00f4t\u00e9s des grandes \u00e9coles publiques telles que la F\u00e9mis ou Louis-Lumi\u00e8re, se multiplient les offres de formation. Une cinquantaine d\u2019\u00e9coles, dans le priv\u00e9 notamment, pr\u00e9parent en effet aux m\u00e9tiers de l\u2019audiovisuel et du cin\u00e9ma <sup data-fn=\"250faa68-5d30-4319-88df-f25512b10139\" class=\"fn\"><a href=\"#250faa68-5d30-4319-88df-f25512b10139\" id=\"250faa68-5d30-4319-88df-f25512b10139-link\">1<\/a><\/sup>. Des classes pr\u00e9paratoires destin\u00e9es aux bacheliers pr\u00e9sentant les meilleurs dossiers forment les \u00e9tudiants d\u00e9sireux de r\u00e9ussir les concours des grandes \u00e9coles sp\u00e9cialis\u00e9es.<\/p>\n\n\n\n<p>Le recrutement est souvent s\u00e9lectif, les formations sont exigeantes. S\u2019il est conseill\u00e9 d\u2019avoir une sensibilit\u00e9 artistique pour choisir ce type de m\u00e9tiers, il faut \u00eatre \u00e9galement en mesure d\u2019enrichir sa motivation \u2013 voire sa passion \u2013 par une solide culture g\u00e9n\u00e9rale et cin\u00e9matographique.<br><br>Dans cette optique, nous recommandons tout particuli\u00e8rement aux \u00e9tudiants <em>L\u2019Op\u00e9ra \u00e0 l\u2019\u00e9cran<\/em>, ouvrage dirig\u00e9 par Jean-Max M\u00e9jean. Tout d\u2019abord parce qu\u2019il s\u2019agit d\u2019un tr\u00e8s bel hommage au cin\u00e9ma et \u00e0 l\u2019op\u00e9ra. Il permettra aux plus jeunes de d\u00e9couvrir des chefs-d\u2019oeuvre qui ne sont pas tous des adaptations d\u2019op\u00e9ras, tels qu\u2019<em>Ivan le terrible<\/em> d\u2019Eisenstein, <em>Ludwig : le cr\u00e9puscule des dieux<\/em> de Luchino Visconti, <em>Citizen Kane<\/em> d\u2019Orson Welles&#8230; des classiques que tout \u00e9tudiant ayant envie de consacrer sa vie au Septi\u00e8me art se doit de conna\u00eetre. <br>Les contributions analysent les interactions formelles, esth\u00e9tiques, symboliques, voire politiques qui se nouent entre cin\u00e9ma et op\u00e9ra dans la cinquantaine de films \u00e9tudi\u00e9s. Si l\u2019influence majeure de certains compositeurs, comme Richard Wagner, est examin\u00e9e dans toute sa vari\u00e9t\u00e9, les textes r\u00e9unis mettent \u00e9galement en \u00e9vidence les processus cr\u00e9atifs qui sous-tendent et d\u00e9passent ces \u0153uvres hybrides et singuli\u00e8res. S\u2019int\u00e9ressant \u00e0 l\u2019esth\u00e9tique et \u00e0 la narration filmique, c\u2019est tout ce qui fait la sp\u00e9cificit\u00e9 et la densit\u00e9 de l\u2019\u00e9criture cin\u00e9matographique qui est mis en lumi\u00e8re dans cette somme qui interroge la notion d\u2019artifice. Le dialogue du cin\u00e9ma et de l\u2019op\u00e9ra reposant sur des jeux sp\u00e9culaires et des interactions g\u00e9n\u00e9riques et culturelles fortes r\u00e9v\u00e8le le r\u00f4le majeur que jouent la musique, la voix, le d\u00e9cor, le rythme et les couleurs dans toute grande narration filmique. <\/p>\n\n\n\n<p class=\"has-text-align-center has-medium-font-size\"><br><strong>Entretien accord\u00e9 \u00e0 l\u2019AFPEAH par Jean-Max M\u00e9jean<\/strong><\/p>\n\n\n\n<p><strong>1) Comment l\u2019id\u00e9e de ce livre vous est-elle venue? <\/strong><br><br>Nous avons port\u00e9 le projet de ce livre pendant plus de trois ans, mais l\u2019id\u00e9e m\u2019en \u00e9tait venue bien avant. J\u2019avais, en 2017, co-\u00e9crit un livre sur Montmartre vu par le cin\u00e9ma et je m\u2019\u00e9tais dit qu\u2019il serait bon de faire un peu la m\u00eame chose avec les deux op\u00e9ras de Paris et de recenser, \u00e0 travers des films fran\u00e7ais et \u00e9trangers, la mani\u00e8re dont ils ont \u00e9t\u00e9 per\u00e7us et mis en sc\u00e8ne. Malheureusement, l\u2019id\u00e9e n\u2019a pas connu de suite. Cependant, c\u2019est en travaillant sur ce th\u00e8me et en recherchant des photogrammes des films concern\u00e9s que je me suis dit qu\u2019il serait peut-\u00eatre bon d\u2019envisager de fa\u00e7on plus large l\u2019influence de l\u2019op\u00e9ra sur le cin\u00e9ma que ce soit au niveau de la musique, de la mise en sc\u00e8ne, de l\u2019inspiration, et m\u00eame bien s\u00fbr du lieu lui-m\u00eame car les op\u00e9ras, \u00e0 commencer par le Palais Garnier \u00e0 Paris, sont en g\u00e9n\u00e9ral des endroits magnifiques, qui font r\u00eaver. J\u2019ai, par ailleurs, eu la chance qu\u2019une vingtaine de chercheurs, professeurs et artistes me suivent dans cette aventure ainsi que l\u2019\u00e9diteur Gianni Gremese et le critique italien, Enrico Giacovelli, qui a apport\u00e9 sa contribution \u00e0 l\u2019ouvrage : sa grande \u00e9rudition lui a permis de proposer un tr\u00e8s riche recueil d\u2019illustrations et d\u2019\u00e9tablir sp\u00e9cialement pour ce livre un index pratiquement exhaustif des films en lien avec l\u2019op\u00e9ra.<\/p>\n\n\n\n<p><strong>2) \u00c0 quel public se destine cet ouvrage?<\/strong><\/p>\n\n\n\n<p>Notre livre n\u2019est pas non plus une somme exhaustive, s\u2019il s\u2019int\u00e9resse aux particularit\u00e9s de l\u2019\u00e9criture cin\u00e9matographique, il a \u00e9galement pour but de donner envie aux spectateurs d\u2019envisager le cin\u00e9ma et l\u2019op\u00e9ra diff\u00e9remment. Je n\u2019ai pas pens\u00e9 \u00e9crire un livre pour un public en particulier, il s\u2019adresse \u00e0 tous, mais je ne voulais pas d\u2019un livre trop savant ou trop snob, de fa\u00e7on \u00e0 ne pas rebuter les cin\u00e9philes qui ne connaissent pas trop l\u2019op\u00e9ra et, \u00e0 l\u2019inverse, les m\u00e9lomanes qui n\u2019iraient pas souvent au cin\u00e9ma. En g\u00e9n\u00e9ral, les livres de critique artistique sont un peu rebutants car souvent illisibles ou trop compliqu\u00e9s. Il n\u2019est que de voir les notes d\u2019intention de certaines expositions d\u2019art contemporain ou conceptuel pour s\u2019en faire une petite id\u00e9e. Mais, maintenant, en le relisant, je constate qu\u2019il peut aussi s\u2019adresser \u00e0 des jeunes qui sont soit \u00e9tudiants, soit lyc\u00e9ens en classe option cin\u00e9ma. Je pense \u00e9galement aux jeunes d\u00e9sireux d\u2019approfondir leur culture g\u00e9n\u00e9rale et de d\u00e9couvrir l\u2019op\u00e9ra, car il est vrai que, souvent, les places \u00e0 l\u2019op\u00e9ra sont assez ch\u00e8res or, il me semble que ce livre peut donner envie d\u2019aborder cet art par le biais du cin\u00e9ma. <br>Soucieux de promouvoir l\u2019op\u00e9ra, j\u2019en profite d\u2019ailleurs pour signaler ici que certains cin\u00e9mas des r\u00e9seaux UGC ou Path\u00e9 proposent des retransmissions d\u2019op\u00e9ras c\u00e9l\u00e8bres dans des th\u00e9\u00e2tres fameux comme Garnier ou le MET \u00e0 New York et ce, \u00e0 des prix abordables. L\u2019on peut \u00e9galement citer la plateforme de streaming \u00ab\u00a0Medici.tv\u00a0\u00bb (<a href=\"https:\/\/www.medici.tv\/fr\/operas\">https:\/\/www.medici.tv\/fr\/operas<\/a>) qui donne acc\u00e8s \u00e0 un tr\u00e8s grand nombre d\u2019op\u00e9ras, aussi bien des classiques tels que les oeuvres de Verdi, Mozart, Wagner, Offenbach ou Debussy que des \u0153uvres contemporaines comme\u00a0<em>Melancholia<\/em> de Mikael Karlsson, <em>Alice in Wonderland<\/em>\u00a0d\u2019Unsuk Chin ou\u00a0<em>Cendrillon<\/em>\u00a0de la tr\u00e8s jeune Alma Deutscher&#8230;<br>\u00a0<\/p>\n\n\n\n<p><strong>3) Comment avez-vous s\u00e9lectionn\u00e9 les films de votre recueil ? <\/strong><br><br>En proposant cet ouvrage aux diff\u00e9rents contributeurs, je n\u2019avais pas d\u2019id\u00e9e pr\u00e9cise de ce que je voulais. J\u2019avais bien s\u00fbr en t\u00eate quelques titres de films qui me paraissaient indispensables, notamment les op\u00e9ras adapt\u00e9s au cin\u00e9ma comme <em>Carmen<\/em>, <em>Tosca<\/em> ou <em>Don Giovanni<\/em> ou m\u00eame <em>La fl\u00fbte enchant\u00e9e<\/em>. Et puis je pensais \u00e0 d\u2019autres titres parce que leur structure et leur mise en sc\u00e8ne \u00e9voquent l\u2019op\u00e9ra, m\u00eame s\u2019ils n\u2019en sont pas comme <em>Ivan le terrible<\/em> d\u2019Eisenstein ou encore <em>E la nave va<\/em> de Fellini. Puis, c\u2019est au fil de nos nombreux \u00e9changes en visioconf\u00e9rence (parce que les auteurs sont diss\u00e9min\u00e9s un peu partout en France et m\u00eame \u00e0 l\u2019\u00e9tranger), que nous nous sommes mis d\u2019accord sur une cinquantaine de films qui nous semblaient incontournables. Nous n\u2019avions pas la pr\u00e9tention d\u2019\u00eatre exhaustifs, ni l\u2019envie d\u2019\u00e9crire un dictionnaire. Toutefois, maintenant que le livre est imprim\u00e9, on me fait remarquer qu\u2019il faudrait \u00e9crire un deuxi\u00e8me tome dans lequel on pourrait \u00e9voquer <em>Le Vaisseau fant\u00f4me <\/em>de Michael Curtiz, r\u00e9alis\u00e9 en 1941, <em>Parsifal<\/em> de Hans-J\u00fcrgen Syberberg, un <em>Carmen<\/em> vu par Chaplin dans lequel il interpr\u00e8te Don Jos\u00e9 et Edna Purviance, Carmen&#8230;<\/p>\n\n\n\n<p><\/p>\n\n\n\n<figure class=\"wp-block-embed is-type-video is-provider-youtube wp-block-embed-youtube wp-embed-aspect-16-9 wp-has-aspect-ratio\"><div class=\"wp-block-embed__wrapper\">\n<iframe loading=\"lazy\" title=\"A BURLESQUE ON CARMEN (1916) (reconstruction) - Charlie Chaplin\" width=\"640\" height=\"360\" src=\"https:\/\/www.youtube.com\/embed\/0RfS1b-QRZk?feature=oembed\" frameborder=\"0\" allow=\"accelerometer; autoplay; clipboard-write; encrypted-media; gyroscope; picture-in-picture; web-share\" referrerpolicy=\"strict-origin-when-cross-origin\" allowfullscreen><\/iframe>\n<\/div><\/figure>\n\n\n\n<p><\/p>\n\n\n\n<p><strong>4) Pensez-vous que l\u2019op\u00e9ra soit encore appr\u00e9ci\u00e9 des plus jeunes? <\/strong><br><br>Je vais fr\u00e9quemment \u00e9couter des op\u00e9ras, pas n\u00e9cessairement dans un op\u00e9ra d\u2019ailleurs. Je me rends souvent au Th\u00e9\u00e2tre des Champs-Elys\u00e9es qui propose des op\u00e9ras mis en sc\u00e8ne, mais aussi des op\u00e9ras concerts qui reviennent moins cher \u00e0 produire et je suis toujours agr\u00e9ablement surpris d\u2019y voir des jeunes aux places les moins ch\u00e8res (autour de 15 euros, soit une place de cin\u00e9ma) dans les loges du poulailler. Ce th\u00e9\u00e2tre art d\u00e9co est un endroit superbe qui magnifie la musique et le spectacle. Je milite pour que les jeunes puissent conna\u00eetre ce type d\u2019exp\u00e9riences, fatigu\u00e9 d\u2019entendre dire en vain depuis des ann\u00e9es que l\u2019Etat va favoriser l\u2019art aupr\u00e8s des jeunes alors qu\u2019il fait de moins en moins d\u2019efforts dans ce domaine. C\u2019est pourquoi, j\u2019ai tenu \u00e0 ce qu\u2019il y ait aussi dans ce livre, pour \u00e9viter qu\u2019il ne traite que d\u2019oeuvres difficiles d\u2019acc\u00e8s et parfois un peu aust\u00e8res, des films comme <em>Diva<\/em> de Jean-Jacques Beineix, <em>Annette<\/em> de Leos Carax et surtout <em>T\u00e9nor<\/em> de Claude Zidi Junior qui marie \u00e0 la fois le rap, la banlieue, le Palais Garnier et le bel canto gr\u00e2ce \u00e0 la participation de Roberto Alagna.<\/p>\n\n\n\n<figure class=\"wp-block-embed is-type-video is-provider-youtube wp-block-embed-youtube wp-embed-aspect-16-9 wp-has-aspect-ratio\"><div class=\"wp-block-embed__wrapper\">\n<iframe loading=\"lazy\" title=\"TENOR \u2013 Bande-annonce officielle \u2013 MB14 \/ Mich\u00e8le Laroque (2022)\" width=\"640\" height=\"360\" src=\"https:\/\/www.youtube.com\/embed\/-rhY0fonYwM?feature=oembed\" frameborder=\"0\" allow=\"accelerometer; autoplay; clipboard-write; encrypted-media; gyroscope; picture-in-picture; web-share\" referrerpolicy=\"strict-origin-when-cross-origin\" allowfullscreen><\/iframe>\n<\/div><\/figure>\n\n\n\n<p><br><br><strong><br>5) Faut-il \u00eatre plut\u00f4t m\u00e9lomane ou plut\u00f4t cin\u00e9phile pour appr\u00e9cier cet ouvrage ? <\/strong><br><br>Tr\u00e8s bonne question, et je vous remercie de me l\u2019avoir pos\u00e9e, m\u00eame si je ne connais pas la r\u00e9ponse. Je dirais peut-\u00eatre qu\u2019il faut \u00eatre un peu des deux, ou rien du tout. Encore une fois, ce livre a vu le jour gr\u00e2ce \u00e0 la passion qui anime tous ceux qui ont particip\u00e9 \u00e0 son \u00e9criture. De mon c\u00f4t\u00e9, je ne pense pas qu\u2019il faille \u00eatre plus m\u00e9lomane que cin\u00e9phile, ou vice versa. Je pense qu\u2019il suffit d\u2019\u00eatre curieux tout simplement, d\u2019autant que la plupart des films sont tr\u00e8s connus, et pas n\u00e9cessairement en raison de leur relation avec l\u2019op\u00e9ra. Au contraire, un cin\u00e9phile qui adore l\u2019un des cinquante films analys\u00e9s sera peut-\u00eatre ravi de d\u00e9couvrir que la partition musicale qui structure le r\u00e9cit filmique a \u00e9t\u00e9 emprunt\u00e9e au r\u00e9pertoire de l\u2019op\u00e9ra, comme c\u2019est le cas pour <em>Orange M\u00e9canique<\/em> ou <em>Apocalypse Now<\/em>, par exemple. De m\u00eame que certains amateurs d\u2019op\u00e9ra pourront sans aucun doute \u00eatre \u00e9tonn\u00e9s de voir comment est trait\u00e9 le lieu op\u00e9ra dans des films aussi vari\u00e9s que <em>La Grande Vadrouille<\/em>, <em>Fitzcarraldo<\/em> ou encore <em>Le Parrain 3<\/em> !<\/p>\n\n\n\n<p><strong>6) Quel est votre film pr\u00e9f\u00e9r\u00e9 dans la longue liste (presque 1000) des \u0153uvres r\u00e9pertori\u00e9es <\/strong><strong>?<\/strong><\/p>\n\n\n\n<p>Je suis toujours embarrass\u00e9 d\u2019avoir \u00e0 r\u00e9pondre \u00e0 ce genre de question car j\u2019ai l\u2019esprit changeant. Le titre que je risque de vous donner aujourd\u2019hui ne sera pas le m\u00eame que celui que j\u2019aurais \u00e0 l\u2019esprit si vous me posez la question l\u2019ann\u00e9e prochaine par exemple&#8230; J\u2019ai un faible pour <em>E la nave va<\/em> car je suis un grand amateur de Fellini que je connais bien, et puis aussi parce qu\u2019il donne une vision moderne et clownesque de l\u2019op\u00e9ra tout en conservant la magie et le prestige de sa musique.<\/p>\n\n\n\n<figure class=\"wp-block-embed is-type-video is-provider-youtube wp-block-embed-youtube wp-embed-aspect-16-9 wp-has-aspect-ratio\"><div class=\"wp-block-embed__wrapper\">\n<iframe loading=\"lazy\" title=\"Et vogue le navire - Bande-annonce\" width=\"640\" height=\"360\" src=\"https:\/\/www.youtube.com\/embed\/9gsTHmit7b0?feature=oembed\" frameborder=\"0\" allow=\"accelerometer; autoplay; clipboard-write; encrypted-media; gyroscope; picture-in-picture; web-share\" referrerpolicy=\"strict-origin-when-cross-origin\" allowfullscreen><\/iframe>\n<\/div><\/figure>\n\n\n\n<p><a href=\"https:\/\/www.youtube.com\/watch?v=9gsTHmit7b0\"><\/a><\/p>\n\n\n\n<p><br>Comme deuxi\u00e8me titre, je serais tent\u00e9 aujourd\u2019hui de vous proposer <em>La Strat\u00e9gie de l\u2019araign\u00e9e<\/em> de Bertolucci parce qu\u2019il arrive \u00e0 l\u2019essence m\u00eame de l\u2019op\u00e9ra par la mani\u00e8re de traiter les d\u00e9cors (une ville d\u00e9serte \u00e0 la De Chirico qui pourrait \u00eatre le lieu id\u00e9al d\u2019un op\u00e9ra tragique). Et enfin, bien s\u00fbr, <em>Don Giovanni<\/em> de Losey qui parvient \u00e0 garder le myst\u00e8re de l\u2019\u00e9poque, l\u2019\u00e9l\u00e9gance de Venise et de sa r\u00e9gion ainsi que la tristesse de ce personnage mortif\u00e8re. Je pense que Losey a \u00e9t\u00e9 l\u2019un des premiers grands r\u00e9alisateurs \u00e0 donner envie au public de renouer avec l\u2019op\u00e9ra par l\u2019interm\u00e9diaire du chanteur hors pair, Ruggero Raimondi devenu immortel gr\u00e2ce \u00e0 la conjugaison magique du cin\u00e9ma et la musique.<\/p>\n\n\n\n<p><\/p>\n\n\n\n<p><strong>7) Quel serait votre op\u00e9ra pr\u00e9f\u00e9r\u00e9?<\/strong><\/p>\n\n\n\n<p>Je vais vous donner le m\u00eame d\u00e9but de r\u00e9ponse. Cependant, pour ce qui concerne l\u2019op\u00e9ra, \u00e9tant originaire de N\u00eemes, la ville de la tauromachie et de l\u2019esprit gitan, je r\u00e9pondrai bien s\u00fbr <em>Carmen<\/em> dans lequel ma cousine chanteuse d\u2019op\u00e9ra avait interpr\u00e9t\u00e9 le r\u00f4le de Mica\u00ebla. Je l\u2019ai souvent vu jouer dans les ar\u00e8nes de N\u00eemes avec une vraie corrida, impensable de nos jours o\u00f9 la ville a opt\u00e9 pour les concerts rock tandis que les corridas sont hu\u00e9es par leurs d\u00e9tracteurs. Je me souviens que j\u2019ai d\u00e9couvert cet op\u00e9ra chant\u00e9 par la Callas, et que je me le passais en boucle et \u00e0 fond. Mais je pourrais aussi ajouter <em>La Fl\u00fbte enchant\u00e9e <\/em>pour son myst\u00e8re ma\u00e7onnique et sa magie, ou <em>La Traviata <\/em>pour sa musique si triste et si romantique.<\/p>\n\n\n\n<p><\/p>\n\n\n\n<p><strong>8) Comment avez-vous recrut\u00e9 les divers auteurs ?<\/strong><\/p>\n\n\n\n<p>Une vingtaine de contributeurs ont particip\u00e9 \u00e0 cet ouvrage. Ce sont majoritairement des critiques, des professeurs, des artistes, des chercheurs, ils s\u2019int\u00e9ressent tous au cin\u00e9ma et ont des domaines de sp\u00e9cialit\u00e9s compl\u00e9mentaires. Le r\u00e9seau qui les a r\u00e9unis n\u2019a cess\u00e9 de cro\u00eetre. Au fil des propositions et des \u00e9changes, nous nous sommes retrouv\u00e9s autour d\u2019une vingtaine de personnes, passionn\u00e9es par l\u2019id\u00e9e d\u2019un ouvrage qui mesure l\u2019influence de l\u2019op\u00e9ra sur le cin\u00e9ma. Certains d\u2019entre nous \u00e9taient de plus d\u00e9sireux de donner envie d\u2019aller au cin\u00e9ma, d\u2019autres \u00e0 l\u2019op\u00e9ra. On ne peut pas dire qu\u2019il y ait une hi\u00e9rarchie : certains auteurs n\u2019ont voulu parler que d\u2019un seul film, quand d\u2019autres ont \u00e9crit quelquefois cinq ou six textes. Ce n\u2019est pas un livre qui pourrait s\u2019\u00e9crire seul, non parce qu\u2019on ne pourrait pas trouver un critique capable de r\u00e9diger un tel ouvrage, mais parce qu\u2019il me semblait n\u00e9cessaire qu\u2019il soit tiss\u00e9 de plusieurs sensibilit\u00e9s. La multiplicit\u00e9 des approches et des regards donne, me semble-t-il, toute sa richesse au recueil.<\/p>\n\n\n\n<p>                                                                             ________________________<br><br><strong>Jean-Max M\u00e9jean<\/strong> est critique et \u00e9crivain de cin\u00e9ma. Il a publi\u00e9 des ouvrages sur Federico Fellini, Woody Allen, Pedro Almodovar, Emir Kusturica, entre autres. R\u00e9dacteur de la revue <em>Jeune Cin\u00e9ma<\/em> (<a href=\"https:\/\/www.jeunecinema.fr\/\">https:\/\/www.jeunecinema.fr\/<\/a>), il est aussi critique sur le site <a href=\"https:\/\/www.iletaitunefoislecinema.com\/\">https:\/\/www.iletaitunefoislecinema.com\/<\/a>. Il a dirig\u00e9 de nombreux livres collectifs comme <em>Sergue\u00ef Paradjanov, cin\u00e9aste, trublion et martyr <\/em>(Jacques Flament \u00e9ditions) ou encore <em>Comment parler de cin\u00e9ma?<\/em> (L\u2019Harmattan), mais aussi pour des revues comme <em>Cin\u00e9mAction<\/em> et <em>M\u00e9tamorphoses<\/em>. Derniers ouvrages parus <em>: Rimbaud, cin\u00e9ma <\/em>(Jacques Flament \u00e9ditions) ; <em>Montmartre et ses alentours mis en sc\u00e8nes <\/em>(avec Jean-Fran\u00e7ois Pioud-Bert, \u00e9ditions Espaces &amp; Signes, collection Cin\u00e9 Voyage ; <em>L\u2019Atalante <\/em>(Gremese, collection Les meilleurs films de notre vie)&nbsp;; <em>Brassens et ses amis. Les animaux, les femmes et les chansons <\/em>(\u00e9ditions Camion Blanc) ; <em>La grande vadrouille de G\u00e9rard Oury <\/em>(Gremese, collection les Films s\u00e9lectionn\u00e9s). Il a \u00e9galement dirig\u00e9 en 2020 le livre collectif <em>Bruno Dumont, un funambule de g\u00e9nie<\/em>, aux \u00e9ditions Jacques Flament et, en 2021, ainsi que <em>Roman Polanski <\/em>aux \u00e9ditions Gremese international.<br><\/p>\n\n\n\n<figure class=\"wp-block-image size-large\"><img loading=\"lazy\" decoding=\"async\" width=\"1024\" height=\"685\" src=\"https:\/\/afpeah.fr\/wp-content\/uploads\/2024\/12\/Lopera-a-lecran_cover-full-1024x685.jpg\" alt=\"\" class=\"wp-image-3512\" srcset=\"https:\/\/afpeah.fr\/wp-content\/uploads\/2024\/12\/Lopera-a-lecran_cover-full-1024x685.jpg 1024w, https:\/\/afpeah.fr\/wp-content\/uploads\/2024\/12\/Lopera-a-lecran_cover-full-300x201.jpg 300w, https:\/\/afpeah.fr\/wp-content\/uploads\/2024\/12\/Lopera-a-lecran_cover-full-768x514.jpg 768w, https:\/\/afpeah.fr\/wp-content\/uploads\/2024\/12\/Lopera-a-lecran_cover-full-1536x1028.jpg 1536w, https:\/\/afpeah.fr\/wp-content\/uploads\/2024\/12\/Lopera-a-lecran_cover-full-2048x1371.jpg 2048w, https:\/\/afpeah.fr\/wp-content\/uploads\/2024\/12\/Lopera-a-lecran_cover-full-403x270.jpg 403w\" sizes=\"auto, (max-width: 1024px) 100vw, 1024px\" \/><\/figure>\n\n\n<ol class=\"wp-block-footnotes\"><li id=\"250faa68-5d30-4319-88df-f25512b10139\"><a href=\"https:\/\/www.cnc.fr\/cinema\/dossiers\/ma-classe-au-cinema---les-metiers_1926797\">https:\/\/www.cnc.fr\/cinema\/dossiers\/ma-classe-au-cinema&#8212;les-metiers_1926797<\/a> <a href=\"#250faa68-5d30-4319-88df-f25512b10139-link\" aria-label=\"Aller \u00e0 la note de bas de page 1\">\u21a9\ufe0e<\/a><\/li><\/ol>\n\n\n<p><\/p>\n","protected":false},"excerpt":{"rendered":"<p>Alors que se tient le Salon des Formations artistiques (Montreuil, 7 et 8 d\u00e9cembre 2024), les \u00e9tudiants peinent \u00e0 se rep\u00e9rer dans les cursus d\u00e9di\u00e9s aux m\u00e9tiers du cin\u00e9ma et de l\u2019audiovisuel, tant, aux c\u00f4t\u00e9s des grandes \u00e9coles publiques telles que la F\u00e9mis ou Louis-Lumi\u00e8re, se multiplient les offres de formation. Une cinquantaine d\u2019\u00e9coles, dans le priv\u00e9 notamment, pr\u00e9parent en effet aux m\u00e9tiers de l\u2019audiovisuel et du cin\u00e9ma . Des classes pr\u00e9paratoires destin\u00e9es aux bacheliers pr\u00e9sentant les meilleurs dossiers forment&#8230;<\/p>\n<p class=\"read-more\"><a class=\"btn btn-default\" href=\"https:\/\/afpeah.fr\/index.php\/2024\/12\/07\/lopera-a-lecran\/\">Lire la suite<span class=\"screen-reader-text\"> Lire la suite<\/span><\/a><\/p>\n","protected":false},"author":1,"featured_media":3529,"comment_status":"open","ping_status":"open","sticky":false,"template":"","format":"standard","meta":{"footnotes":"[{\"content\":\"<a href=\\\"https:\/\/www.cnc.fr\/cinema\/dossiers\/ma-classe-au-cinema---les-metiers_1926797\\\">https:\/\/www.cnc.fr\/cinema\/dossiers\/ma-classe-au-cinema---les-metiers_1926797<\/a>\",\"id\":\"250faa68-5d30-4319-88df-f25512b10139\"}]"},"categories":[2,9],"tags":[220,49,222,221],"class_list":["post-3505","post","type-post","status-publish","format-standard","has-post-thumbnail","hentry","category-articles","category-recommandations","tag-cinema","tag-litterature","tag-metiers-du-cinema","tag-opera"],"_links":{"self":[{"href":"https:\/\/afpeah.fr\/index.php\/wp-json\/wp\/v2\/posts\/3505","targetHints":{"allow":["GET"]}}],"collection":[{"href":"https:\/\/afpeah.fr\/index.php\/wp-json\/wp\/v2\/posts"}],"about":[{"href":"https:\/\/afpeah.fr\/index.php\/wp-json\/wp\/v2\/types\/post"}],"author":[{"embeddable":true,"href":"https:\/\/afpeah.fr\/index.php\/wp-json\/wp\/v2\/users\/1"}],"replies":[{"embeddable":true,"href":"https:\/\/afpeah.fr\/index.php\/wp-json\/wp\/v2\/comments?post=3505"}],"version-history":[{"count":14,"href":"https:\/\/afpeah.fr\/index.php\/wp-json\/wp\/v2\/posts\/3505\/revisions"}],"predecessor-version":[{"id":3531,"href":"https:\/\/afpeah.fr\/index.php\/wp-json\/wp\/v2\/posts\/3505\/revisions\/3531"}],"wp:featuredmedia":[{"embeddable":true,"href":"https:\/\/afpeah.fr\/index.php\/wp-json\/wp\/v2\/media\/3529"}],"wp:attachment":[{"href":"https:\/\/afpeah.fr\/index.php\/wp-json\/wp\/v2\/media?parent=3505"}],"wp:term":[{"taxonomy":"category","embeddable":true,"href":"https:\/\/afpeah.fr\/index.php\/wp-json\/wp\/v2\/categories?post=3505"},{"taxonomy":"post_tag","embeddable":true,"href":"https:\/\/afpeah.fr\/index.php\/wp-json\/wp\/v2\/tags?post=3505"}],"curies":[{"name":"wp","href":"https:\/\/api.w.org\/{rel}","templated":true}]}}