{"id":1840,"date":"2021-01-06T17:32:11","date_gmt":"2021-01-06T16:32:11","guid":{"rendered":"https:\/\/afpeah.fr\/?p=1840"},"modified":"2023-06-22T18:43:27","modified_gmt":"2023-06-22T16:43:27","slug":"la-grande-fabrique-de-mots","status":"publish","type":"post","link":"https:\/\/afpeah.fr\/index.php\/2021\/01\/06\/la-grande-fabrique-de-mots\/","title":{"rendered":"La Grande Fabrique de mots"},"content":{"rendered":"\n<p>Nous vous recommandons l&rsquo;album de Val\u00e9ria Docampo et Agn\u00e8s de Lestrade \u00e0 destination des plus petits ( 4-6 ans). <br><br><em>La Grande Fabrique des mots<\/em> est une fable dystopique, accessible et tendre, qui sensibilise les plus jeunes lecteurs \u00e0 la valeur du langage.<\/p>\n\n\n\n<p>Dans le pays imagin\u00e9 par Agn\u00e8s Lestrade, chaque parole prononc\u00e9e doit \u00eatre achet\u00e9e et aval\u00e9e pour pouvoir \u00eatre prononc\u00e9e. Au centre de la cit\u00e9 se dresse une imposante usine, aux allures de tour de Babel, qui tisse des galons de mots. De ses chemin\u00e9es, s\u2019\u00e9chappent quelques lettres dans un ciel embrum\u00e9 de silence. Les habitants sont condamn\u00e9s \u00e0 d\u00e9penser les expressions qu\u2019ils ach\u00e8tent avec parcimonie car elles sont vendues \u00e0 prix d\u2019or dans de petites \u00e9choppes sp\u00e9cialis\u00e9es en phrases d\u2019\u00e9t\u00e9, en discours ou en mots rares. Il existe bien des paroles moins co\u00fbteuses&nbsp;: des jurons, des verbes abandonn\u00e9s dans l\u2019air qu\u2019on peut attraper avec un simple filet \u00e0 papillons, des termes en promotion comme \u00ab&nbsp;ventriloque&nbsp;\u00bb ou \u00ab&nbsp;philodendrons&nbsp;\u00bb parce qu\u2019ils sont moins utiles dans une soci\u00e9t\u00e9 de taiseux.<\/p>\n\n\n\n<p>Comment pourraient-ils aider Phil\u00e9as, quand son rival fortun\u00e9 sert \u00e0 Cybelle les mots d\u2019amour dispendieux qu\u2019il aurait aim\u00e9 prononcer lui-m\u00eame ? Petit poucet r\u00eaveur, le pauvre enfant r\u00e9colte malgr\u00e9 tout quelques noms indigents, comme des cailloux pr\u00e9cieux, pour les offrir en bouquet \u00e0 celle qu\u2019il aime. Quel est donc le mot inattendu au pouvoir infini qu\u2019il retient jalousement pour elle&nbsp;?<\/p>\n\n\n\n<p>Val\u00e9ria Docampo illustre ce r\u00e9cit avec po\u00e9sie. Juxtaposant les teintes s\u00e9pia et rouge cerise, elle fait na\u00eetre du contraste cet ailleurs inqui\u00e9tant o\u00f9 les plus mis\u00e9rables sont contraints \u00e0 l\u2019exil de la Langue. Ses d\u00e9cors \u00e0 la fois r\u00e9tros et futuristes contribuent \u00e0 poser la question intemporelle de la puissance du langage.<\/p>\n\n\n\n<p>Parce qu\u2019il fait entendre des silences \u00e9loquents et des mots qui n\u2019ont pas de prix, cet album est d\u2019une richesse inestimable.<\/p>\n\n\n\n<p>__________<\/p>\n\n\n\n<p>Cet album a remport\u00e9 les distinctions suivantes&nbsp;:<\/p>\n\n\n\n<p>Prix litt\u00e9raire de la Citoyennet\u00e9 2010-2011<br>Prix Papillotes 2010<br>Livre Extraordinaire 2019 du Festival international de litt\u00e9rature de Berlin<\/p>\n\n\n\n<p><\/p>\n\n\n\n<p>__________<\/p>\n\n\n\n<p><\/p>\n\n\n\n<p><em>Conseil de lecture de Claudine Foury.<\/em><\/p>\n","protected":false},"excerpt":{"rendered":"<p>Nous vous recommandons l&rsquo;album de Val\u00e9ria Docampo et Agn\u00e8s de Lestrade \u00e0 destination des plus petits ( 4-6 ans). La Grande Fabrique des mots est une fable dystopique, accessible et tendre, qui sensibilise les plus jeunes lecteurs \u00e0 la valeur du langage. Dans le pays imagin\u00e9 par Agn\u00e8s Lestrade, chaque parole prononc\u00e9e doit \u00eatre achet\u00e9e et aval\u00e9e pour pouvoir \u00eatre prononc\u00e9e. Au centre de la cit\u00e9 se dresse une imposante usine, aux allures de tour de Babel, qui tisse des&#8230;<\/p>\n<p class=\"read-more\"><a class=\"btn btn-default\" href=\"https:\/\/afpeah.fr\/index.php\/2021\/01\/06\/la-grande-fabrique-de-mots\/\">Lire la suite<span class=\"screen-reader-text\"> Lire la suite<\/span><\/a><\/p>\n","protected":false},"author":1,"featured_media":1843,"comment_status":"open","ping_status":"open","sticky":false,"template":"","format":"standard","meta":{"footnotes":""},"categories":[119,9],"tags":[140,131,139],"class_list":["post-1840","post","type-post","status-publish","format-standard","has-post-thumbnail","hentry","category-lecture","category-recommandations","tag-agnes-de-lestrade","tag-litterature-de-jeunesse","tag-valeria-docampo"],"_links":{"self":[{"href":"https:\/\/afpeah.fr\/index.php\/wp-json\/wp\/v2\/posts\/1840","targetHints":{"allow":["GET"]}}],"collection":[{"href":"https:\/\/afpeah.fr\/index.php\/wp-json\/wp\/v2\/posts"}],"about":[{"href":"https:\/\/afpeah.fr\/index.php\/wp-json\/wp\/v2\/types\/post"}],"author":[{"embeddable":true,"href":"https:\/\/afpeah.fr\/index.php\/wp-json\/wp\/v2\/users\/1"}],"replies":[{"embeddable":true,"href":"https:\/\/afpeah.fr\/index.php\/wp-json\/wp\/v2\/comments?post=1840"}],"version-history":[{"count":2,"href":"https:\/\/afpeah.fr\/index.php\/wp-json\/wp\/v2\/posts\/1840\/revisions"}],"predecessor-version":[{"id":1846,"href":"https:\/\/afpeah.fr\/index.php\/wp-json\/wp\/v2\/posts\/1840\/revisions\/1846"}],"wp:featuredmedia":[{"embeddable":true,"href":"https:\/\/afpeah.fr\/index.php\/wp-json\/wp\/v2\/media\/1843"}],"wp:attachment":[{"href":"https:\/\/afpeah.fr\/index.php\/wp-json\/wp\/v2\/media?parent=1840"}],"wp:term":[{"taxonomy":"category","embeddable":true,"href":"https:\/\/afpeah.fr\/index.php\/wp-json\/wp\/v2\/categories?post=1840"},{"taxonomy":"post_tag","embeddable":true,"href":"https:\/\/afpeah.fr\/index.php\/wp-json\/wp\/v2\/tags?post=1840"}],"curies":[{"name":"wp","href":"https:\/\/api.w.org\/{rel}","templated":true}]}}