{"id":1243,"date":"2020-05-08T12:06:27","date_gmt":"2020-05-08T10:06:27","guid":{"rendered":"http:\/\/afpeah.fr\/?p=1243"},"modified":"2020-05-08T15:06:59","modified_gmt":"2020-05-08T13:06:59","slug":"reouverture-des-ecoles","status":"publish","type":"post","link":"https:\/\/afpeah.fr\/index.php\/2020\/05\/08\/reouverture-des-ecoles\/","title":{"rendered":"R\u00e9ouverture des \u00e9coles"},"content":{"rendered":"\n<p><\/p>\n\n\n\n<figure class=\"wp-block-gallery columns-0 is-cropped wp-block-gallery-1 is-layout-flex wp-block-gallery-is-layout-flex\"><ul class=\"blocks-gallery-grid\"><\/ul><\/figure>\n\n\n\n<p>\u00ab\u00a0Vendredi 1<sup>e<\/sup> mai 2020<\/p>\n\n\n\n<p><br>Chers coll\u00e8gues,<\/p>\n\n\n\n<p>Bien avant la d\u00e9cision de fermeture des \u00e9coles, comme beaucoup d\u2019autres avant moi, j\u2019avais \u00e9t\u00e9 choqu\u00e9e par l\u2019inconscience de nos instances dirigeantes qui refusaient de voir l&rsquo;\u00e9vidence c\u2019est-\u00e0-dire la vague qui allait nous submerger. La d\u00e9cision de fermeture des \u00e9coles a \u00e9t\u00e9 prise trop tard, malgr\u00e9 les alertes des autres pays (Matteo Renzi nous suppliait de r\u00e9agir d\u00e8s d\u00e9but mars).<\/p>\n\n\n\n<p>J\u2019ai donc assur\u00e9 ma classe les 12 et 13 mars avec des gants, en maintenant les \u00e9l\u00e8ves \u00e0 distance, en isolant ceux qui toussaient, la peur au ventre \u2026 J\u2019ai fini le vendredi 13 mars \u00e0 16h30 secou\u00e9e de sanglots dans ma classe, d\u00e9testant la ma\u00eetresse que j\u2019avais \u00e9t\u00e9 pendant ces 2 jours, pleurant aussi la fin d\u2019une \u00e9poque d\u2019insouciance que je savais disparue pour longtemps.<\/p>\n\n\n\n<p>Aujourd\u2019hui, malgr\u00e9 30&nbsp;000 morts en France (24&nbsp;000 morts \u00e0 l\u2019h\u00f4pital et en EHPAD et au moins 6&nbsp;000 \u00e0 domicile) et des centaines de milliers de malades (sinon des millions car beaucoup n\u2019ont pas \u00e9t\u00e9 test\u00e9s), la France a d\u00e9cid\u00e9 de rouvrir ses \u00e9coles sous pr\u00e9texte de r\u00e9parer les in\u00e9galit\u00e9s sociales. Ce serait vous faire offense de penser qu\u2019un seul d\u2019entre vous y croit. Il s\u2019agit donc de faire red\u00e9marrer l\u2019\u00e9conomie en faisant de nous des \u00ab&nbsp;nounous&nbsp;\u00bb avec un protocole sanitaire de 63 pages impossible \u00e0 respecter surtout pour nos coll\u00e8gues de maternelle.<\/p>\n\n\n\n<p>&nbsp;Alors, bien s\u00fbr, nous faisons partie du service public et il faut l\u2019assurer. Je rends d\u2019ailleurs hommage \u00e0 tous ceux d\u2019entre vous qui ont \u00e9t\u00e9 volontaires pour garder les enfants de soignants et ont ainsi fait honneur au service public par leur engagement. Vous avez mon admiration, elle est sinc\u00e8re.<\/p>\n\n\n\n<p>Cependant, l\u00e0 encore, la France prend la d\u00e9cision d\u2019ouvrir les \u00e9coles sans tirer le\u00e7on des erreurs et des choix de ses voisins. <\/p>\n\n\n\n<p>(<a href=\"https:\/\/www.ft.com\/content\/fdf893d5-40a0-4645-87fb-471b0f5e7ad0\"><a href=\"https:\/\/www.francetvinfo.fr\/sante\/maladie\/coronavirus\/effectifs-reduits-cours-a-l-exterieur-temps-partiel-comment-sorganise-la-rentree-des-classes-a-l-etranger_3939993.html#xtor=CS2-765-[twitter]-\">https:\/\/www.francetvinfo.fr\/sante\/maladie\/coronavirus\/effectifs-reduits-cours-a-l-exterieur-temps-partiel-comment-sorganise-la-rentree-des-classes-a-l-etranger_3939993.html#xtor=CS2-765-[twitter]-<\/a><\/a>).<\/p>\n\n\n\n<p>Quand on a vu, comme moi, pendant ces 7 semaines, des dizaines de personnes de mon entourage \u00eatre gravement touch\u00e9es, pr\u00e8s d\u2019une dizaine d\u2019entre elles hospitalis\u00e9es, plusieurs en r\u00e9animation dont un qui y est encore, ma tante et mon oncle d\u00e9c\u00e9d\u00e9s, le m\u00e9decin de famille de mes parents d\u00e9c\u00e9d\u00e9 aussi, on a peur pour soi et pour ses proches.<\/p>\n\n\n\n<p>Mais au-del\u00e0 de cela, cette fois, ce n\u2019est plus seulement la sant\u00e9 des adultes qui est en cause mais aussi celle des enfants, de nos \u00e9l\u00e8ves avec les doutes qui planent suite aux alertes des h\u00f4pitaux britanniques, am\u00e9ricains et de Necker et Trousseau chez nous.<\/p>\n\n\n\n<p>Je viens \u00e0 l\u2019instant d\u2019avoir l\u2019information selon laquelle l\u2019enfant de 9 ans d\u2019une connaissance vient d\u2019\u00eatre hospitalis\u00e9 suite \u00e0 des probl\u00e8mes cardiaques apr\u00e8s avoir eu les fameux signes \u00ab&nbsp;b\u00e9nins&nbsp;\u00bb de COVID19 il y a quelques semaines : soit orteils rouges et gonfl\u00e9s, \u00e9ruptions cutan\u00e9es. Cela n\u2019a peut-\u00eatre rien \u00e0 voir, mais peut-\u00eatre que si \u2026Ce dernier \u00e9v\u00e9nement en tout cas m\u2019a confirm\u00e9e dans mon choix et m\u2019a amen\u00e9e \u00e0 r\u00e9diger ce texte&nbsp;: je refuse de prendre part \u00e0 cette terrible erreur que serait la r\u00e9ouverture des \u00e9coles en zone rouge, l\u00e0 o\u00f9 le virus circule encore beaucoup.<\/p>\n\n\n\n<p>Je refuse d\u2019envoyer toute lettre aux parents concernant la reprise. Je refuse de participer \u00e0 une r\u00e9union pr\u00e9paratoire mardi. Je refuse de venir assurer la \u00ab&nbsp;classe&nbsp;\u00bb en pr\u00e9sentiel le 14 mai. Je m\u2019oppose \u00e0 la r\u00e9ouverture des \u00e9coles en Ile-de-France.<\/p>\n\n\n\n<p>Je suis en revanche tout \u00e0 fait pr\u00eate \u00e0 assurer bien s\u00fbr la continuit\u00e9 p\u00e9dagogique en distanciel voire \u00e0 recevoir sur RDV \u00e0 l\u2019\u00e9cole les familles (de fa\u00e7on \u00e0 ce qu\u2019il n\u2019y ait pas de contact entre elles) qui auraient besoin d\u2019aide pour les apprentissages mais \u2026une par une et uniquement si enfants et adultes portent un masque.<\/p>\n\n\n\n<p>Je ne me cacherai pas derri\u00e8re un arr\u00eat maladie.<\/p>\n\n\n\n<p>&nbsp;Je ferai valoir <strong>mon droit de retrait<\/strong> et j\u2019en assumerai les cons\u00e9quences&nbsp;: retrait de salaire et \u00e9ventuelles sanctions disciplinaires. Mais au vu de la situation, je n\u2019ai pas seulement l\u2019impression de me prot\u00e9ger et de prot\u00e9ger mes proches dont un en situation de vuln\u00e9rabilit\u00e9 par rapport au virus (Ce qui en soi d\u00e9j\u00e0, est \u00e0 mes yeux un motif tout \u00e0 fait valable) mais aussi de prot\u00e9ger tous ceux que je serais amen\u00e9e \u00e0 c\u00f4toyer dans le cadre d\u2019une reprise&nbsp;: coll\u00e8gues, animateurs, personnel d\u2019entretien et \u2026d\u00e9sormais, \u00e9l\u00e8ves dont la pr\u00e9tendue invuln\u00e9rabilit\u00e9 face au virus est loin d\u2019\u00eatre prouv\u00e9e !\u00a0\u00bb<\/p>\n\n\n\n<p><\/p>\n\n\n\n<p><\/p>\n\n\n\n<p>____________<\/p>\n\n\n\n<p><\/p>\n\n\n\n<p>\u00ab\u00a0Samedi 2 mai,<\/p>\n\n\n\n<p>Je suis professeur des \u00e9coles, je viens de lire le t\u00e9moignage d&rsquo;une de mes coll\u00e8gues&nbsp;et partage la m\u00eame inqui\u00e9tude qu&rsquo;elle sans compter que je ressens un fort sentiment d&rsquo;injustice. Le minist\u00e8re cr\u00e9e tellement d&rsquo;in\u00e9galit\u00e9s au sein de la profession.<\/p>\n\n\n\n<p>J&rsquo;ai l&rsquo;impression d&rsquo;aller au \u00ab\u00a0casse pipe\u00a0\u00bb, au d\u00e9triment de ma vie et de celle de ma famille. On nous demande l&rsquo;impossible. Nous sommes dans une impasse.<\/p>\n\n\n\n<p>Nous concernant, nous devons aller en classe du 12 au 25 mai. Je travaille en ULIS-\u00e9cole, j&rsquo;exerce donc avec des \u00e9l\u00e8ves qui n\u00e9cessitent un enseignement adapt\u00e9.<br>Suite \u00e0 un sondage, 3 \u00e9l\u00e8ves sont cens\u00e9s venir, les 9 autres resteront chez eux, mais veulent du travail, du lien, des appels t\u00e9l\u00e9phoniques.<br>Comment s&rsquo;organiser ? Tout le monde est stress\u00e9. Comment proc\u00e9der, ne serait-ce que parce qu&rsquo;il est impossible de faire respecter les gestes barri\u00e8res \u00e0 des enfants handicap\u00e9s ? Peut-on garantir leur s\u00e9curit\u00e9, la s\u00e9curit\u00e9 d&rsquo;enfants plus vuln\u00e9rables que les autres&nbsp;?<\/p>\n\n\n\n<p>L&rsquo;AESH Co de la classe sera pr\u00e9sente mais laissera son enfant de 9 ans seul. Et ce, pour venir m&rsquo;aider. Elle est fantastique. L&rsquo;autre AESH ne pourra pas venir car sa m\u00e8re est \u00ab\u00a0personne \u00e0 risque\u00a0\u00bb. Comment allons-nous faire, car avec l&rsquo;enfant dont elle s&rsquo;occupe, les gestes barri\u00e8res ne seront pas envisageables? Enfant non verbale, non autonome, elle ne peut aller aux WC, ni se nourrir seule. Nous ne savons pas encore si cette \u00e9l\u00e8ve sera scolaris\u00e9e.<\/p>\n\n\n\n<p>Actuellement, je passe une heure par jour, avec les \u00e9ducateurs, les AESH, les parents, les enfants. L&rsquo;inspecteur a dit qu&rsquo;un coll\u00e8gue assurerait l&rsquo;enseignement \u00e0 distance pour nos \u00e9l\u00e8ves quand nous serons en classe. Mais o\u00f9 est le c\u00f4t\u00e9 social, l\u00e0 ? On travaille avec de l&rsquo;Humain, nos \u00e9l\u00e8ves ne sont pas des machines. Ils n&rsquo;ouvrent pas leur c\u0153ur facilement. Si je n&rsquo;assure que sur le terrain, je perds les autres, je perds le travail de confiance qui se construit sur des ann\u00e9es.<\/p>\n\n\n\n<p>J&rsquo;aime mon m\u00e9tier et mes \u00e9l\u00e8ves et pourtant, je suis terroris\u00e9e \u00e0 l&rsquo;id\u00e9e de retourner en classe, terroris\u00e9e pour moi, mais aussi pour mon enfant, car je dois l&#8217;emmener lui aussi \u00e0 l&rsquo;\u00e9cole.<\/p>\n\n\n\n<p>Je suis terroris\u00e9e de transmettre le covid \u00e0 mon mari, qui, il y a un an, faisait une embolie pulmonaire et qui est, de ce fait, \u00ab\u00a0personne \u00e0 risque\u00a0\u00bb.&nbsp; Je suis d&rsquo;autant plus inqui\u00e8te que sa soeur a contract\u00e9 cette maladie \u00e0 l&rsquo;\u00e9cole, en petite section, ainsi que ses neuf autres coll\u00e8gues\u2026<\/p>\n\n\n\n<p>Mais il y a des priorit\u00e9s \u00e9conomiques ! Dans ma famille aussi, c&rsquo;est une r\u00e9alit\u00e9. Mon mari est un tout petit auto-entrepreneur qui arrive en temps normal \u00e0 payer tous ses frais, : loyer, publicit\u00e9, cr\u00e9dits&#8230;. Mais cela fait un mois et demi qu&rsquo;on vit sans rentr\u00e9es d&rsquo;argent de son c\u00f4t\u00e9, tandis que les frais li\u00e9s \u00e0 son entreprise demeurent. Alors oui, il doit reprendre, il en a envie et c&rsquo;est n\u00e9cessaire.<\/p>\n\n\n\n<p>Je suis en col\u00e8re et d\u00e9go\u00fbt\u00e9e, terrifi\u00e9e \u00e0 l&rsquo;id\u00e9e que, malgr\u00e9 moi, je risque de contribuer \u00e0 amener la deuxi\u00e8me vague.\u00a0\u00bb<\/p>\n","protected":false},"excerpt":{"rendered":"<p>\u00ab\u00a0Vendredi 1e mai 2020 Chers coll\u00e8gues, Bien avant la d\u00e9cision de fermeture des \u00e9coles, comme beaucoup d\u2019autres avant moi, j\u2019avais \u00e9t\u00e9 choqu\u00e9e par l\u2019inconscience de nos instances dirigeantes qui refusaient de voir l&rsquo;\u00e9vidence c\u2019est-\u00e0-dire la vague qui allait nous submerger. La d\u00e9cision de fermeture des \u00e9coles a \u00e9t\u00e9 prise trop tard, malgr\u00e9 les alertes des autres pays (Matteo Renzi nous suppliait de r\u00e9agir d\u00e8s d\u00e9but mars). J\u2019ai donc assur\u00e9 ma classe les 12 et 13 mars avec des gants, en&#8230;<\/p>\n<p class=\"read-more\"><a class=\"btn btn-default\" href=\"https:\/\/afpeah.fr\/index.php\/2020\/05\/08\/reouverture-des-ecoles\/\">Lire la suite<span class=\"screen-reader-text\"> Lire la suite<\/span><\/a><\/p>\n","protected":false},"author":1,"featured_media":1257,"comment_status":"open","ping_status":"open","sticky":false,"template":"","format":"standard","meta":{"footnotes":""},"categories":[2,3,4],"tags":[90,93,91,92],"class_list":["post-1243","post","type-post","status-publish","format-standard","has-post-thumbnail","hentry","category-articles","category-ecole-inclusive","category-enseignement","tag-coronavirus","tag-covid","tag-deconfinement","tag-professeurs-des-ecoles"],"_links":{"self":[{"href":"https:\/\/afpeah.fr\/index.php\/wp-json\/wp\/v2\/posts\/1243","targetHints":{"allow":["GET"]}}],"collection":[{"href":"https:\/\/afpeah.fr\/index.php\/wp-json\/wp\/v2\/posts"}],"about":[{"href":"https:\/\/afpeah.fr\/index.php\/wp-json\/wp\/v2\/types\/post"}],"author":[{"embeddable":true,"href":"https:\/\/afpeah.fr\/index.php\/wp-json\/wp\/v2\/users\/1"}],"replies":[{"embeddable":true,"href":"https:\/\/afpeah.fr\/index.php\/wp-json\/wp\/v2\/comments?post=1243"}],"version-history":[{"count":7,"href":"https:\/\/afpeah.fr\/index.php\/wp-json\/wp\/v2\/posts\/1243\/revisions"}],"predecessor-version":[{"id":1258,"href":"https:\/\/afpeah.fr\/index.php\/wp-json\/wp\/v2\/posts\/1243\/revisions\/1258"}],"wp:featuredmedia":[{"embeddable":true,"href":"https:\/\/afpeah.fr\/index.php\/wp-json\/wp\/v2\/media\/1257"}],"wp:attachment":[{"href":"https:\/\/afpeah.fr\/index.php\/wp-json\/wp\/v2\/media?parent=1243"}],"wp:term":[{"taxonomy":"category","embeddable":true,"href":"https:\/\/afpeah.fr\/index.php\/wp-json\/wp\/v2\/categories?post=1243"},{"taxonomy":"post_tag","embeddable":true,"href":"https:\/\/afpeah.fr\/index.php\/wp-json\/wp\/v2\/tags?post=1243"}],"curies":[{"name":"wp","href":"https:\/\/api.w.org\/{rel}","templated":true}]}}