{"id":1121,"date":"2020-01-03T10:51:33","date_gmt":"2020-01-03T09:51:33","guid":{"rendered":"http:\/\/afpeah.fr\/?p=1121"},"modified":"2021-03-05T16:59:17","modified_gmt":"2021-03-05T15:59:17","slug":"reecritures-indigentes","status":"publish","type":"post","link":"https:\/\/afpeah.fr\/index.php\/2020\/01\/03\/reecritures-indigentes\/","title":{"rendered":"R\u00e9\u00e9critures indigentes"},"content":{"rendered":"\n<h2 class=\"wp-block-heading\"><\/h2>\n\n\n\n<p>S\u2019int\u00e9ressant \u00e0 la r\u00e9\u00e9criture des&nbsp;<em>Club des cinq<\/em>&nbsp;d\u2019Enid Blyton (passage du pass\u00e9 au pr\u00e9sent, remplacement du \u00ab&nbsp;nous&nbsp;\u00bb par \u00ab&nbsp;on&nbsp;\u00bb, modification de certains titres\u2026), Jean-Michel Delacompt\u00e9e (<em>Notre Langue fran\u00e7aise<\/em>, Fayard, 2018, 125) met en \u00e9vidence l\u2019\u00e9rosion des descriptions dans les versions les plus r\u00e9centes.<\/p>\n\n\n\n<p>Il cite, par exemple, le passage suivant&nbsp; qu\u2019il compare \u00e0 sa version de 2006 :<\/p>\n\n\n\n<h4 class=\"wp-block-heading\">\u00c9dition de 1955&nbsp;:<\/h4>\n\n\n\n<p>\u00ab&nbsp;<em>Puis, ce fut le matin du d\u00e9part. Dans une atmosph\u00e8re de bruyante all\u00e9gresse, les \u00e9l\u00e8ves de Clairbois achev\u00e8rent de boucler et d\u2019\u00e9tiqueter leurs valises. On attendit ensuite l\u2019arriv\u00e9e des autocars qui devaient transporter les pensionnaires et leurs bagages \u00e0 la gare. Les minutes semblaient interminables. Enfin, les lourds v\u00e9hicules franchirent les grilles du parc et vinrent s\u2019arr\u00eater devant le perron de la pension. Ils furent pris d\u2019assaut en quelques instants par les jeunes voyageuses impatientes.&nbsp;<\/em>\u00bb<\/p>\n\n\n\n<h4 class=\"wp-block-heading\">\u00c9dition de 2006&nbsp;:<\/h4>\n\n\n\n<p>\u00ab&nbsp;<em>Arrive le matin du d\u00e9part. Dans un brouhaha incessant, les \u00e9l\u00e8ves de Clairbois ach\u00e8vent de boucler leurs valises avant de se pr\u00e9cipiter dans les cars qui les emm\u00e8neront \u00e0 la gare.<\/em>&nbsp;\u00bb<\/p>\n\n\n\n<p class=\"has-medium-font-size\"><strong>\u00c9dition de 2026 ?<\/strong><\/p>\n\n\n\n<p>Pour gagner du temps, (car le temps, c&rsquo;est de l&rsquo;argent), l&rsquo;Afpeah vous propose la version 2026 du texte en question : <\/p>\n\n\n\n<p>\u00ab\u00a0<em>Les vl\u00e0 \u00e0 la gare.<\/em>\u00a0\u00bb <\/p>\n\n\n\n<div class=\"wp-block-image\"><figure class=\"aligncenter size-large\"><img loading=\"lazy\" decoding=\"async\" width=\"1024\" height=\"637\" src=\"http:\/\/afpeah.fr\/wp-content\/uploads\/2020\/01\/arre\u0302te-1024x637.jpeg\" alt=\"\" class=\"wp-image-1122\" srcset=\"https:\/\/afpeah.fr\/wp-content\/uploads\/2020\/01\/arre\u0302te-1024x637.jpeg 1024w, https:\/\/afpeah.fr\/wp-content\/uploads\/2020\/01\/arre\u0302te-300x187.jpeg 300w, https:\/\/afpeah.fr\/wp-content\/uploads\/2020\/01\/arre\u0302te-768x478.jpeg 768w, https:\/\/afpeah.fr\/wp-content\/uploads\/2020\/01\/arre\u0302te-1536x955.jpeg 1536w, https:\/\/afpeah.fr\/wp-content\/uploads\/2020\/01\/arre\u0302te-434x270.jpeg 434w, https:\/\/afpeah.fr\/wp-content\/uploads\/2020\/01\/arre\u0302te.jpeg 1878w\" sizes=\"auto, (max-width: 1024px) 100vw, 1024px\" \/><figcaption><em>www.pepeeillustraticescolaire.com<\/em><\/figcaption><\/figure><\/div>\n\n\n\n<p>Les parents et les enseignants ne peuvent que d\u00e9plorer une telle \u00e9rosion des textes et des exigences. De fait, si on pousse cette logique \u00e0 son terme, l\u2019on ne gardera plus des r\u00e9cits que leur ossature factuelle.<\/p>\n\n\n\n<p>En proc\u00e9dant ainsi, non seulement on enl\u00e8ve aux textes toute leur substance, mais, en plus, on emp\u00eache les \u00e9l\u00e8ves d\u2019acqu\u00e9rir du vocabulaire, on les prive du plaisir de la lecture, de l\u2019acc\u00e8s \u00e0 la dimension esth\u00e9tique de la langue.<\/p>\n\n\n\n<p>On rend m\u00eame la lecture impossible tant la description importe dans la mise en oeuvre du travail de l\u2019imaginaire chez les \u00e9l\u00e8ves, surtout au coll\u00e8ge lorsqu\u2019ils sont assez grands pour \u00eatre confront\u00e9s \u00e0 des livres ne pr\u00e9sentant plus les supports iconographiques auxquels les albums et les BD les avaient habitu\u00e9s.<\/p>\n\n\n\n<p>T. D.<\/p>\n\n\n\n<h4 class=\"wp-block-heading\"><em>Nous vous recommandons la lecture de l\u2019essai de Jean-Michel Delacompt\u00e9e&nbsp;<a rel=\"noreferrer noopener\" href=\"https:\/\/www.fayard.fr\/notre-langue-francaise-9782213705194\" target=\"_blank\">https:\/\/www.fayard.fr\/notre-langue-francaise-9782213705194<\/a><\/em><\/h4>\n\n\n\n<h4 class=\"wp-block-heading\"><em>\u00ab&nbsp;Je suis en retard. Un professeur au pays des merveilles&nbsp;\u00bb a \u00e9voqu\u00e9 les r\u00e9\u00e9critures du Club des Cinq sur son blog en 2011 , dans un article intitul\u00e9 \u00ab&nbsp;Le Club des Cinq et la baisse de niveau&nbsp;\u00bb&nbsp;<\/em><br><em><a rel=\"noreferrer noopener\" href=\"http:\/\/celeblog.over-blog.com\/article-le-club-des-5-et-la-baisse-du-niveau-85677083.html\" target=\"_blank\">http:\/\/celeblog.over-blog.com\/article-le-club-des-5-et-la-baisse-du-niveau-85677083.html<\/a><\/em><\/h4>\n\n\n\n<h4 class=\"wp-block-heading\"><em>Nous remercions Pepe illustratrice scolaire de nous avoir autoris\u00e9s \u00e0 utiliser son dessin d\u2019arr\u00eate de poisson&nbsp;<a href=\"https:\/\/pepeeillustratricesolaire.com\/\" target=\"_blank\" rel=\"noreferrer noopener\">https:\/\/pepeeillustratricesolaire.com\/<\/a><\/em><\/h4>\n\n\n","protected":false},"excerpt":{"rendered":"<p>S\u2019int\u00e9ressant \u00e0 la r\u00e9\u00e9criture des&nbsp;Club des cinq&nbsp;d\u2019Enid Blyton (passage du pass\u00e9 au pr\u00e9sent, remplacement du \u00ab&nbsp;nous&nbsp;\u00bb par \u00ab&nbsp;on&nbsp;\u00bb, modification de certains titres\u2026), Jean-Michel Delacompt\u00e9e (Notre Langue fran\u00e7aise, Fayard, 2018, 125) met en \u00e9vidence l\u2019\u00e9rosion des descriptions dans les versions les plus r\u00e9centes. Il cite, par exemple, le passage suivant&nbsp; qu\u2019il compare \u00e0 sa version de 2006 : \u00c9dition de 1955&nbsp;: \u00ab&nbsp;Puis, ce fut le matin du d\u00e9part. Dans une atmosph\u00e8re de bruyante all\u00e9gresse, les \u00e9l\u00e8ves de Clairbois achev\u00e8rent de boucler&#8230;<\/p>\n<p class=\"read-more\"><a class=\"btn btn-default\" href=\"https:\/\/afpeah.fr\/index.php\/2020\/01\/03\/reecritures-indigentes\/\">Lire la suite<span class=\"screen-reader-text\"> Lire la suite<\/span><\/a><\/p>\n","protected":false},"author":1,"featured_media":1125,"comment_status":"open","ping_status":"open","sticky":false,"template":"","format":"standard","meta":{"footnotes":""},"categories":[2,4,119],"tags":[120],"class_list":["post-1121","post","type-post","status-publish","format-standard","has-post-thumbnail","hentry","category-articles","category-enseignement","category-lecture","tag-club-des-cinq"],"_links":{"self":[{"href":"https:\/\/afpeah.fr\/index.php\/wp-json\/wp\/v2\/posts\/1121","targetHints":{"allow":["GET"]}}],"collection":[{"href":"https:\/\/afpeah.fr\/index.php\/wp-json\/wp\/v2\/posts"}],"about":[{"href":"https:\/\/afpeah.fr\/index.php\/wp-json\/wp\/v2\/types\/post"}],"author":[{"embeddable":true,"href":"https:\/\/afpeah.fr\/index.php\/wp-json\/wp\/v2\/users\/1"}],"replies":[{"embeddable":true,"href":"https:\/\/afpeah.fr\/index.php\/wp-json\/wp\/v2\/comments?post=1121"}],"version-history":[{"count":5,"href":"https:\/\/afpeah.fr\/index.php\/wp-json\/wp\/v2\/posts\/1121\/revisions"}],"predecessor-version":[{"id":1937,"href":"https:\/\/afpeah.fr\/index.php\/wp-json\/wp\/v2\/posts\/1121\/revisions\/1937"}],"wp:featuredmedia":[{"embeddable":true,"href":"https:\/\/afpeah.fr\/index.php\/wp-json\/wp\/v2\/media\/1125"}],"wp:attachment":[{"href":"https:\/\/afpeah.fr\/index.php\/wp-json\/wp\/v2\/media?parent=1121"}],"wp:term":[{"taxonomy":"category","embeddable":true,"href":"https:\/\/afpeah.fr\/index.php\/wp-json\/wp\/v2\/categories?post=1121"},{"taxonomy":"post_tag","embeddable":true,"href":"https:\/\/afpeah.fr\/index.php\/wp-json\/wp\/v2\/tags?post=1121"}],"curies":[{"name":"wp","href":"https:\/\/api.w.org\/{rel}","templated":true}]}}